{"id":10383,"date":"2024-09-12T16:39:13","date_gmt":"2024-09-12T16:39:13","guid":{"rendered":"https:\/\/www.fodc.org.co\/?p=10383"},"modified":"2024-09-12T16:39:44","modified_gmt":"2024-09-12T16:39:44","slug":"jovenes-bendecidos-y-afortunados-lujo-superficial-o-agentes-de-cambio-comunitario","status":"publish","type":"post","link":"https:\/\/www.fodc.org.co\/?p=10383","title":{"rendered":"J\u00f3venes bendecidos y afortunados: \u00bflujo superficial o agentes de cambio comunitario?"},"content":{"rendered":"<p>[vc_row][vc_column][vc_column_text]En la actualidad, la expresi\u00f3n &#8220;bendecidos y afortunados&#8221; ha ganado popularidad en las redes sociales y en el argot urbano en algunas regiones de Colombia. Esta frase se utiliza con frecuencia para referirse, de forma sarc\u00e1stica, a aquellos j\u00f3venes que exhiben estilos de vida llenos de lujo y comodidad. Para muchos, ser &#8220;bendecido&#8221; en este contexto significa tener acceso a bienes materiales sin mayor esfuerzo, y &#8220;afortunado&#8221; alude a disfrutar de privilegios que no necesariamente son resultado del trabajo duro o del desarrollo de habilidades.[\/vc_column_text][vc_single_image image=&#8221;10385&#8243; img_size=&#8221;full&#8221; add_caption=&#8221;yes&#8221; alignment=&#8221;center&#8221;][vc_column_text]Sin embargo, al otro lado del espectro, existe una interpretaci\u00f3n mucho m\u00e1s poderosa y transformadora: \u2018\u2018bendecidos y empoderados\u2019\u2019, en la que en el marco del proyecto <strong>Red Empoderamiento Joven<\/strong>, implementado por Oleoducto de Colombia con el apoyo de la Fundaci\u00f3n Oleoductos de Colombia y la Corporaci\u00f3n Lel, ser un joven bendecido significa estar dotado de conocimientos y competencias, mientras que estar empoderado implica tener las herramientas para transformar comunidades y ser un verdadero agente de cambio.<\/p>\n<p>En lugar de mostrar una vida llena de lujos y superficialidad, los j\u00f3venes de la <strong>Red Empoderamiento Joven<\/strong> est\u00e1n siendo capacitados en \u00e1reas importantes que les permiten liderar y mejorar la calidad de vida en sus comunidades. El enfoque de su formaci\u00f3n ha sido integral, abarcando temas esenciales para su crecimiento personal y colectivo.<\/p>\n<p>Uno de los pilares fundamentales de su preparaci\u00f3n ha sido la <strong>comunicaci\u00f3n efectiva.<\/strong> Aprender a comunicarse de manera asertiva no solo mejora sus relaciones interpersonales, sino que tambi\u00e9n les permite trabajar en equipo y resolver conflictos de manera m\u00e1s constructiva. En un contexto comunitario, una buena comunicaci\u00f3n es esencial para generar di\u00e1logo y cooperaci\u00f3n entre vecinos, l\u00edderes locales y actores institucionales.<\/p>\n<p>Otro aspecto clave ha sido el desarrollo de <strong>habilidades de liderazgo y negociaci\u00f3n<\/strong>. Estos j\u00f3venes han aprendido a asumir roles proactivos dentro de sus equipos, a tomar decisiones con responsabilidad y a negociar en situaciones desafiantes. Estas habilidades son cruciales para cualquier persona que desee generar cambios en su entorno, pues les permite coordinar esfuerzos, movilizar a otros y representar de manera efectiva los intereses de su comunidad.<\/p>\n<p>La formaci\u00f3n tambi\u00e9n ha abordado la <strong>participaci\u00f3n ciudadana<\/strong> y el reconocimiento de <strong>plataformas juveniles<\/strong>. Al empoderar a estos j\u00f3venes para que comprendan las din\u00e1micas de la participaci\u00f3n ciudadana, se les est\u00e1 brindando las herramientas para involucrarse de manera activa en la vida pol\u00edtica y social de sus territorios. Esto no solo fortalece la democracia, sino que asegura que sus voces sean escuchadas en la toma de decisiones que afectan directamente su entorno.<\/p>\n<p>La importancia de esta formaci\u00f3n radica en que no solo los convierte en l\u00edderes visibles, sino en l\u00edderes con prop\u00f3sito. Mientras que en el argot popular, ser &#8220;afortunado&#8221; puede relacionarse con una actitud superficial y ego\u00edsta, los j\u00f3venes de la <strong>Red Empoderamiento Joven<\/strong> optan por ser \u2018\u2018empoderados\u2019\u2019 demostrando que a trav\u00e9s de la mejora continua de sus habilidades pueden servir a los dem\u00e1s y construir un futuro sostenible y equitativo para todos.<\/p>\n<p>A trav\u00e9s de esta red, estos j\u00f3venes reafirman que ser &#8220;bendecidos y empoderados&#8221; puede ser una nueva etiqueta, que lejos de ser negativa, refleje su compromiso de vida con sus comunidades, un compromiso que incluye empat\u00eda, responsabilidad y un deseo genuino de crecer con prop\u00f3sito en el mundo que les rodea.<\/p>\n<p>La Red Empoderamiento Joven la conforman m\u00e1s de 50 j\u00f3venes de Caucasia, Cove\u00f1as, Puerto Berr\u00edo, Puerto Boyac\u00e1 y San Antero.[\/vc_column_text][\/vc_column][\/vc_row]<\/p>\n","protected":false},"excerpt":{"rendered":"<p>[vc_row][vc_column][vc_column_text]En la actualidad, la expresi\u00f3n &#8220;bendecidos y afortunados&#8221; ha ganado popularidad en las redes sociales y en el argot urbano en algunas regiones de Colombia. Esta frase se utiliza con frecuencia para referirse, de forma sarc\u00e1stica, a aquellos j\u00f3venes que exhiben estilos de vida llenos de lujo y comodidad. Para muchos, ser &#8220;bendecido&#8221; en este<br \/><a href=\"https:\/\/www.fodc.org.co\/?p=10383\" class=\"more\">Read more<\/a><\/p>\n","protected":false},"author":2,"featured_media":10384,"comment_status":"closed","ping_status":"closed","sticky":false,"template":"","format":"standard","meta":{"footnotes":""},"categories":[3],"tags":[],"class_list":["post-10383","post","type-post","status-publish","format-standard","has-post-thumbnail","hentry","category-noticias"],"yoast_head":"<!-- This site is optimized with the Yoast SEO plugin v26.6 - https:\/\/yoast.com\/wordpress\/plugins\/seo\/ -->\n<title>J\u00f3venes bendecidos y afortunados: \u00bflujo superficial o agentes de cambio comunitario? - FODC<\/title>\n<meta name=\"robots\" content=\"index, follow, max-snippet:-1, max-image-preview:large, max-video-preview:-1\" \/>\n<link rel=\"canonical\" href=\"https:\/\/www.fodc.org.co\/?p=10383\" \/>\n<meta property=\"og:locale\" content=\"es_ES\" \/>\n<meta property=\"og:type\" content=\"article\" \/>\n<meta property=\"og:title\" content=\"J\u00f3venes bendecidos y afortunados: \u00bflujo superficial o agentes de cambio comunitario? - FODC\" \/>\n<meta property=\"og:description\" content=\"[vc_row][vc_column][vc_column_text]En la actualidad, la expresi\u00f3n &#8220;bendecidos y afortunados&#8221; ha ganado popularidad en las redes sociales y en el argot urbano en algunas regiones de Colombia. Esta frase se utiliza con frecuencia para referirse, de forma sarc\u00e1stica, a aquellos j\u00f3venes que exhiben estilos de vida llenos de lujo y comodidad. Para muchos, ser &#8220;bendecido&#8221; en esteRead more\" \/>\n<meta property=\"og:url\" content=\"https:\/\/www.fodc.org.co\/?p=10383\" \/>\n<meta property=\"og:site_name\" content=\"FODC\" \/>\n<meta property=\"article:published_time\" content=\"2024-09-12T16:39:13+00:00\" \/>\n<meta property=\"article:modified_time\" content=\"2024-09-12T16:39:44+00:00\" \/>\n<meta property=\"og:image\" content=\"https:\/\/www.fodc.org.co\/wp-content\/uploads\/2024\/09\/Banner-Web-Bendecidos-y-Empoderados.png\" \/>\n\t<meta property=\"og:image:width\" content=\"1200\" \/>\n\t<meta property=\"og:image:height\" content=\"566\" \/>\n\t<meta property=\"og:image:type\" content=\"image\/png\" \/>\n<meta name=\"author\" content=\"Ingeniero Sistemas\" \/>\n<meta name=\"twitter:card\" content=\"summary_large_image\" \/>\n<meta name=\"twitter:label1\" content=\"Escrito por\" \/>\n\t<meta name=\"twitter:data1\" content=\"Ingeniero Sistemas\" \/>\n\t<meta name=\"twitter:label2\" content=\"Tiempo de lectura\" \/>\n\t<meta name=\"twitter:data2\" content=\"3 minutos\" \/>\n<script type=\"application\/ld+json\" class=\"yoast-schema-graph\">{\"@context\":\"https:\/\/schema.org\",\"@graph\":[{\"@type\":\"WebPage\",\"@id\":\"https:\/\/www.fodc.org.co\/?p=10383\",\"url\":\"https:\/\/www.fodc.org.co\/?p=10383\",\"name\":\"J\u00f3venes bendecidos y afortunados: \u00bflujo superficial o agentes de cambio comunitario? - FODC\",\"isPartOf\":{\"@id\":\"https:\/\/www.fodc.org.co\/#website\"},\"primaryImageOfPage\":{\"@id\":\"https:\/\/www.fodc.org.co\/?p=10383#primaryimage\"},\"image\":{\"@id\":\"https:\/\/www.fodc.org.co\/?p=10383#primaryimage\"},\"thumbnailUrl\":\"https:\/\/www.fodc.org.co\/wp-content\/uploads\/2024\/09\/Banner-Web-Bendecidos-y-Empoderados.png\",\"datePublished\":\"2024-09-12T16:39:13+00:00\",\"dateModified\":\"2024-09-12T16:39:44+00:00\",\"author\":{\"@id\":\"https:\/\/www.fodc.org.co\/#\/schema\/person\/88907b5e64e6d1bd4009dcf2cb6c9721\"},\"breadcrumb\":{\"@id\":\"https:\/\/www.fodc.org.co\/?p=10383#breadcrumb\"},\"inLanguage\":\"es-CO\",\"potentialAction\":[{\"@type\":\"ReadAction\",\"target\":[\"https:\/\/www.fodc.org.co\/?p=10383\"]}]},{\"@type\":\"ImageObject\",\"inLanguage\":\"es-CO\",\"@id\":\"https:\/\/www.fodc.org.co\/?p=10383#primaryimage\",\"url\":\"https:\/\/www.fodc.org.co\/wp-content\/uploads\/2024\/09\/Banner-Web-Bendecidos-y-Empoderados.png\",\"contentUrl\":\"https:\/\/www.fodc.org.co\/wp-content\/uploads\/2024\/09\/Banner-Web-Bendecidos-y-Empoderados.png\",\"width\":1200,\"height\":566},{\"@type\":\"BreadcrumbList\",\"@id\":\"https:\/\/www.fodc.org.co\/?p=10383#breadcrumb\",\"itemListElement\":[{\"@type\":\"ListItem\",\"position\":1,\"name\":\"Home\",\"item\":\"https:\/\/www.fodc.org.co\/\"},{\"@type\":\"ListItem\",\"position\":2,\"name\":\"J\u00f3venes bendecidos y afortunados: \u00bflujo superficial o agentes de cambio comunitario?\"}]},{\"@type\":\"WebSite\",\"@id\":\"https:\/\/www.fodc.org.co\/#website\",\"url\":\"https:\/\/www.fodc.org.co\/\",\"name\":\"FODC\",\"description\":\"Fundaci\u00f3n Oleoductos de Colombia\",\"potentialAction\":[{\"@type\":\"SearchAction\",\"target\":{\"@type\":\"EntryPoint\",\"urlTemplate\":\"https:\/\/www.fodc.org.co\/?s={search_term_string}\"},\"query-input\":{\"@type\":\"PropertyValueSpecification\",\"valueRequired\":true,\"valueName\":\"search_term_string\"}}],\"inLanguage\":\"es-CO\"},{\"@type\":\"Person\",\"@id\":\"https:\/\/www.fodc.org.co\/#\/schema\/person\/88907b5e64e6d1bd4009dcf2cb6c9721\",\"name\":\"Ingeniero Sistemas\",\"url\":\"https:\/\/www.fodc.org.co\/?author=2\"}]}<\/script>\n<!-- \/ Yoast SEO plugin. -->","yoast_head_json":{"title":"J\u00f3venes bendecidos y afortunados: \u00bflujo superficial o agentes de cambio comunitario? - FODC","robots":{"index":"index","follow":"follow","max-snippet":"max-snippet:-1","max-image-preview":"max-image-preview:large","max-video-preview":"max-video-preview:-1"},"canonical":"https:\/\/www.fodc.org.co\/?p=10383","og_locale":"es_ES","og_type":"article","og_title":"J\u00f3venes bendecidos y afortunados: \u00bflujo superficial o agentes de cambio comunitario? - FODC","og_description":"[vc_row][vc_column][vc_column_text]En la actualidad, la expresi\u00f3n &#8220;bendecidos y afortunados&#8221; ha ganado popularidad en las redes sociales y en el argot urbano en algunas regiones de Colombia. Esta frase se utiliza con frecuencia para referirse, de forma sarc\u00e1stica, a aquellos j\u00f3venes que exhiben estilos de vida llenos de lujo y comodidad. Para muchos, ser &#8220;bendecido&#8221; en esteRead more","og_url":"https:\/\/www.fodc.org.co\/?p=10383","og_site_name":"FODC","article_published_time":"2024-09-12T16:39:13+00:00","article_modified_time":"2024-09-12T16:39:44+00:00","og_image":[{"width":1200,"height":566,"url":"https:\/\/www.fodc.org.co\/wp-content\/uploads\/2024\/09\/Banner-Web-Bendecidos-y-Empoderados.png","type":"image\/png"}],"author":"Ingeniero Sistemas","twitter_card":"summary_large_image","twitter_misc":{"Escrito por":"Ingeniero Sistemas","Tiempo de lectura":"3 minutos"},"schema":{"@context":"https:\/\/schema.org","@graph":[{"@type":"WebPage","@id":"https:\/\/www.fodc.org.co\/?p=10383","url":"https:\/\/www.fodc.org.co\/?p=10383","name":"J\u00f3venes bendecidos y afortunados: \u00bflujo superficial o agentes de cambio comunitario? - FODC","isPartOf":{"@id":"https:\/\/www.fodc.org.co\/#website"},"primaryImageOfPage":{"@id":"https:\/\/www.fodc.org.co\/?p=10383#primaryimage"},"image":{"@id":"https:\/\/www.fodc.org.co\/?p=10383#primaryimage"},"thumbnailUrl":"https:\/\/www.fodc.org.co\/wp-content\/uploads\/2024\/09\/Banner-Web-Bendecidos-y-Empoderados.png","datePublished":"2024-09-12T16:39:13+00:00","dateModified":"2024-09-12T16:39:44+00:00","author":{"@id":"https:\/\/www.fodc.org.co\/#\/schema\/person\/88907b5e64e6d1bd4009dcf2cb6c9721"},"breadcrumb":{"@id":"https:\/\/www.fodc.org.co\/?p=10383#breadcrumb"},"inLanguage":"es-CO","potentialAction":[{"@type":"ReadAction","target":["https:\/\/www.fodc.org.co\/?p=10383"]}]},{"@type":"ImageObject","inLanguage":"es-CO","@id":"https:\/\/www.fodc.org.co\/?p=10383#primaryimage","url":"https:\/\/www.fodc.org.co\/wp-content\/uploads\/2024\/09\/Banner-Web-Bendecidos-y-Empoderados.png","contentUrl":"https:\/\/www.fodc.org.co\/wp-content\/uploads\/2024\/09\/Banner-Web-Bendecidos-y-Empoderados.png","width":1200,"height":566},{"@type":"BreadcrumbList","@id":"https:\/\/www.fodc.org.co\/?p=10383#breadcrumb","itemListElement":[{"@type":"ListItem","position":1,"name":"Home","item":"https:\/\/www.fodc.org.co\/"},{"@type":"ListItem","position":2,"name":"J\u00f3venes bendecidos y afortunados: \u00bflujo superficial o agentes de cambio comunitario?"}]},{"@type":"WebSite","@id":"https:\/\/www.fodc.org.co\/#website","url":"https:\/\/www.fodc.org.co\/","name":"FODC","description":"Fundaci\u00f3n Oleoductos de Colombia","potentialAction":[{"@type":"SearchAction","target":{"@type":"EntryPoint","urlTemplate":"https:\/\/www.fodc.org.co\/?s={search_term_string}"},"query-input":{"@type":"PropertyValueSpecification","valueRequired":true,"valueName":"search_term_string"}}],"inLanguage":"es-CO"},{"@type":"Person","@id":"https:\/\/www.fodc.org.co\/#\/schema\/person\/88907b5e64e6d1bd4009dcf2cb6c9721","name":"Ingeniero Sistemas","url":"https:\/\/www.fodc.org.co\/?author=2"}]}},"_links":{"self":[{"href":"https:\/\/www.fodc.org.co\/index.php?rest_route=\/wp\/v2\/posts\/10383","targetHints":{"allow":["GET"]}}],"collection":[{"href":"https:\/\/www.fodc.org.co\/index.php?rest_route=\/wp\/v2\/posts"}],"about":[{"href":"https:\/\/www.fodc.org.co\/index.php?rest_route=\/wp\/v2\/types\/post"}],"author":[{"embeddable":true,"href":"https:\/\/www.fodc.org.co\/index.php?rest_route=\/wp\/v2\/users\/2"}],"replies":[{"embeddable":true,"href":"https:\/\/www.fodc.org.co\/index.php?rest_route=%2Fwp%2Fv2%2Fcomments&post=10383"}],"version-history":[{"count":1,"href":"https:\/\/www.fodc.org.co\/index.php?rest_route=\/wp\/v2\/posts\/10383\/revisions"}],"predecessor-version":[{"id":10386,"href":"https:\/\/www.fodc.org.co\/index.php?rest_route=\/wp\/v2\/posts\/10383\/revisions\/10386"}],"wp:featuredmedia":[{"embeddable":true,"href":"https:\/\/www.fodc.org.co\/index.php?rest_route=\/wp\/v2\/media\/10384"}],"wp:attachment":[{"href":"https:\/\/www.fodc.org.co\/index.php?rest_route=%2Fwp%2Fv2%2Fmedia&parent=10383"}],"wp:term":[{"taxonomy":"category","embeddable":true,"href":"https:\/\/www.fodc.org.co\/index.php?rest_route=%2Fwp%2Fv2%2Fcategories&post=10383"},{"taxonomy":"post_tag","embeddable":true,"href":"https:\/\/www.fodc.org.co\/index.php?rest_route=%2Fwp%2Fv2%2Ftags&post=10383"}],"curies":[{"name":"wp","href":"https:\/\/api.w.org\/{rel}","templated":true}]}}